{"id":88,"date":"2020-03-18T08:46:37","date_gmt":"2020-03-18T08:46:37","guid":{"rendered":"https:\/\/kafepanorama.com\/?p=88"},"modified":"2021-02-17T11:06:19","modified_gmt":"2021-02-17T11:06:19","slug":"kafa-sa-kardamonom","status":"publish","type":"post","link":"https:\/\/kafepanorama.com\/?p=88","title":{"rendered":"Kafa sa kardamonom"},"content":{"rendered":"\n<p>U na\u0161oj ponudi na\u0161la se i doma\u0107a arapska kafa sa kardamonom&#8230;<\/p>\n\n\n\n<!--more-->\n\n\n\n<p>Poreklom sa malabarske obale Indije i \u0160ri Lanke, kardamon je mirisna biljka iz familije \u0111umbira, \u010dije se mlevene su\u0161ene semenke naj\u010de\u0161\u0107e koriste u ishrani kao dodatak kafi, \u010daju i kola\u010dima. Zbog bioaktivnih sastojaka, u indijskoj narodnoj medicini ajurvedi, eteri\u010dno ulje kardamona je u upotrebi za sni\u017eavanje krvnog pritiska, protiv depresije, ka\u0161lja, nadimanja i za ubrzavanje metabolizma. Kardamon je putem svile stigao iz Persije u Evropu. Jo\u0161 su ga stari Grci koristili u kozmetici za izradu krema, i naro\u010dito parfema, a danas se nalazi u sastavu parfema proizvo\u0111a\u010da Ives Saint Laurent, Hermes, Giorgio Armani.<\/p>\n\n\n\n<p>Teofrast, otac botanike, razlikovao je zeleni (Ellettaria) i crni (Amomum) kardamon. Zeleni je naro\u010dito cenjen, i posle vanile i \u0161afrana, smatra se najskupljim za\u010dinom. Zbog svoje intenzivne i o\u0161tre arome, dodaje se u malim koli\u010dinama kafi, najpre zato \u0161to oboga\u0107uje ukus svojim egzoti\u010dnim notama, ali i zato \u0161to u velikoj meri neutralizuje kofein.<\/p>\n\n\n\n<p>U\u017eivajte!<\/p>\n\n\n\n<div class=\"wp-block-image\"><figure class=\"aligncenter size-large is-resized\"><img decoding=\"async\" loading=\"lazy\" src=\"https:\/\/kafepanorama.com\/wp-content\/uploads\/2020\/07\/20200702_124328-723x1024.jpg\" alt=\"\" class=\"wp-image-270\" width=\"383\" height=\"543\" srcset=\"https:\/\/kafepanorama.com\/wp-content\/uploads\/2020\/07\/20200702_124328-723x1024.jpg 723w, https:\/\/kafepanorama.com\/wp-content\/uploads\/2020\/07\/20200702_124328-212x300.jpg 212w, https:\/\/kafepanorama.com\/wp-content\/uploads\/2020\/07\/20200702_124328-768x1087.jpg 768w, https:\/\/kafepanorama.com\/wp-content\/uploads\/2020\/07\/20200702_124328.jpg 886w\" sizes=\"(max-width: 383px) 100vw, 383px\" \/><\/figure><\/div>\n","protected":false},"excerpt":{"rendered":"<p>U na\u0161oj ponudi na\u0161la se i doma\u0107a arapska kafa sa kardamonom&#8230;<\/p>\n","protected":false},"author":1,"featured_media":90,"comment_status":"closed","ping_status":"open","sticky":false,"template":"","format":"standard","meta":[],"categories":[4],"tags":[],"_links":{"self":[{"href":"https:\/\/kafepanorama.com\/index.php?rest_route=\/wp\/v2\/posts\/88"}],"collection":[{"href":"https:\/\/kafepanorama.com\/index.php?rest_route=\/wp\/v2\/posts"}],"about":[{"href":"https:\/\/kafepanorama.com\/index.php?rest_route=\/wp\/v2\/types\/post"}],"author":[{"embeddable":true,"href":"https:\/\/kafepanorama.com\/index.php?rest_route=\/wp\/v2\/users\/1"}],"replies":[{"embeddable":true,"href":"https:\/\/kafepanorama.com\/index.php?rest_route=%2Fwp%2Fv2%2Fcomments&post=88"}],"version-history":[{"count":3,"href":"https:\/\/kafepanorama.com\/index.php?rest_route=\/wp\/v2\/posts\/88\/revisions"}],"predecessor-version":[{"id":271,"href":"https:\/\/kafepanorama.com\/index.php?rest_route=\/wp\/v2\/posts\/88\/revisions\/271"}],"wp:featuredmedia":[{"embeddable":true,"href":"https:\/\/kafepanorama.com\/index.php?rest_route=\/wp\/v2\/media\/90"}],"wp:attachment":[{"href":"https:\/\/kafepanorama.com\/index.php?rest_route=%2Fwp%2Fv2%2Fmedia&parent=88"}],"wp:term":[{"taxonomy":"category","embeddable":true,"href":"https:\/\/kafepanorama.com\/index.php?rest_route=%2Fwp%2Fv2%2Fcategories&post=88"},{"taxonomy":"post_tag","embeddable":true,"href":"https:\/\/kafepanorama.com\/index.php?rest_route=%2Fwp%2Fv2%2Ftags&post=88"}],"curies":[{"name":"wp","href":"https:\/\/api.w.org\/{rel}","templated":true}]}}